{"id":8708,"date":"2022-11-13T19:43:02","date_gmt":"2022-11-13T19:43:02","guid":{"rendered":"https:\/\/student.mads.org\/journal\/?p=8708"},"modified":"2022-11-13T19:43:02","modified_gmt":"2022-11-13T19:43:02","slug":"rencontre-arle-photographie","status":"publish","type":"post","link":"https:\/\/student.mads.org\/journal\/rencontre-arle-photographie\/","title":{"rendered":"Rencontre arle photographie"},"content":{"rendered":"<p>INSIDE OUT aux Rencontres dArles France. Du 4 juillet au 18 septembre 2011, Une CABINE PHOTOGRAPHIQUE rassemble tous les outils dINSIDE OUT <img decoding=\"async\" src=\"http:\/\/phototrend.fr\/wp-content\/uploads\/2015\/07\/Affiches-Arles-Michel-Bouvet-940x704.jpg\" alt=\"rencontre arle photographie\" align=\"right\"> Jul 6, 2018 Les photographies de Todd Hido sont expos\u00e9es au Palais de Lupp\u00e9 pendant toute la dur\u00e9e du Festival des Rencontres de la Photographie dArles <img decoding=\"async\" src=\"https:\/\/petitsfrenchies.com\/wp-content\/uploads\/2016\/06\/capture-dexxcran-2016-06-29-axx-11.21.06.png\" alt=\"rencontre arle photographie\" align=\"right\"> Mar 9, 2018 Un petit coup de propre avant les vacances. Dautres photos. Concours de la F\u00eate Votive de St Martin de Crau Jul 2, 2021 Les Rencontres dArles, un des plus importants festivals de photographie au monde, font leur retour dimanche pour trois mois Jul 2, 2012. Son premier septennat, lEcole nationale sup\u00e9rieure de la photographie dArle. Au moment du lancement des Rencontres dArles 2012 Rencontres dArles-retrouvez toute lactualit\u00e9, nos dossiers et nos \u00e9missions sur France. Pr\u00e9sent\u00e9e aux Rencontres de la photographie dArles cet \u00e9t\u00e9 Apr 16, 2021 Les 52es Rencontres de la photographie dArles sadaptent \u00e0 la pand\u00e9mie avec un nouveau directeur Jul 5, 2021 Les Rencontres de la photographie \u00e0 Arles Bouches-du-Rh\u00f4ne ont d\u00e9but\u00e9 dimanche 4 juillet 2021 et se poursuivront jusquau 26 septembre Jul 6, 2021 Catalogue des expositions organis\u00e9es en divers lieux patrimoniaux dArles dans le cadre des Rencontres internationales de la photographie Paroles et m\u00e9moire de la photographie contemporaine Photo by Les Rencontres dArles on November 29, 2021. May be a Ouverture aujourdhui de la septi\u00e8me \u00e9dition de Jimei x Arles 2021 Photo Festival International Localisation des points de rencontre des secours en for\u00eat PRSF, permettant de faciliter la loca. Cartes IGN, photographies a\u00e9riennes, carte du relief Avec leurs nombreuses expositions in\u00e9dites, les Rencontres dArles ont pris une dimension internationale depuis les ann\u00e9es 1970. Chaque \u00e9t\u00e9, les amateurs de 13 hours ago Verwandte Nachrichten; Photographie: le prix Pictet c\u00e9l\u00e8bre ses 10 ans \u00e0 Arles 16 07. 2018; Arts plastiques. \u00c0 Lianzhou, capitale chinoise de <img decoding=\"async\" src=\"https:\/\/www.pedagogie.ac-nice.fr\/daac\/wp-content\/uploads\/sites\/37\/2021\/02\/Rencontres-daRLES.jpg\" alt=\"rencontre arle photographie\" align=\"right\"> Aug 17, 2021 Comme chaque ann\u00e9e, les Rencontres de la photographie dArles reviennent orner les murs de l\u00e9t\u00e9 jusquau 26 septembre prochain Jul 4, 2021 une femme photographie une image de Campbell Addy lors du festival des Rencontres dArles, 4 juillet 2020 Afp. ComNicolas TUCAT Sep 4, 2018 La 49e \u00e9dition des Rencontres de la photographie dArles se tient depuis le 2 juillet dans divers espaces dexposition de la ville.<\/p>\n","protected":false},"excerpt":{"rendered":"<p>INSIDE OUT aux Rencontres dArles France. Du 4 juillet au 18 septembre 2011, Une CABINE PHOTOGRAPHIQUE rassemble tous les outils dINSIDE OUT Jul 6, 2018 Les photographies de Todd Hido sont expos\u00e9es au Palais de Lupp\u00e9 pendant toute la dur\u00e9e du Festival des Rencontres de la Photographie dArles Mar 9, 2018 Un petit coup de [&hellip;]<\/p>\n","protected":false},"author":1,"featured_media":0,"comment_status":"closed","ping_status":"closed","sticky":false,"template":"","format":"standard","meta":{"footnotes":""},"categories":[],"tags":[],"class_list":["post-8708","post","type-post","status-publish","format-standard","hentry"],"_links":{"self":[{"href":"https:\/\/student.mads.org\/journal\/wp-json\/wp\/v2\/posts\/8708","targetHints":{"allow":["GET"]}}],"collection":[{"href":"https:\/\/student.mads.org\/journal\/wp-json\/wp\/v2\/posts"}],"about":[{"href":"https:\/\/student.mads.org\/journal\/wp-json\/wp\/v2\/types\/post"}],"author":[{"embeddable":true,"href":"https:\/\/student.mads.org\/journal\/wp-json\/wp\/v2\/users\/1"}],"replies":[{"embeddable":true,"href":"https:\/\/student.mads.org\/journal\/wp-json\/wp\/v2\/comments?post=8708"}],"version-history":[{"count":0,"href":"https:\/\/student.mads.org\/journal\/wp-json\/wp\/v2\/posts\/8708\/revisions"}],"wp:attachment":[{"href":"https:\/\/student.mads.org\/journal\/wp-json\/wp\/v2\/media?parent=8708"}],"wp:term":[{"taxonomy":"category","embeddable":true,"href":"https:\/\/student.mads.org\/journal\/wp-json\/wp\/v2\/categories?post=8708"},{"taxonomy":"post_tag","embeddable":true,"href":"https:\/\/student.mads.org\/journal\/wp-json\/wp\/v2\/tags?post=8708"}],"curies":[{"name":"wp","href":"https:\/\/api.w.org\/{rel}","templated":true}]}}