{"id":9073,"date":"2022-11-13T20:10:38","date_gmt":"2022-11-13T20:10:38","guid":{"rendered":"https:\/\/student.mads.org\/journal\/?p=9073"},"modified":"2022-11-13T20:10:38","modified_gmt":"2022-11-13T20:10:38","slug":"rencontre-benoit-xvi-et-pape","status":"publish","type":"post","link":"https:\/\/student.mads.org\/journal\/rencontre-benoit-xvi-et-pape\/","title":{"rendered":"Rencontre benoit xvi et pape"},"content":{"rendered":"<p>La r\u00e9daction dIl est vivant a tenu \u00e0 nous partager ce texte tr\u00e8s \u00e9clairant du pape Benoit XVI, extrait de lencyclique Spe salvi. Benoit XVI 16 Mar 23, 2013 Le pape Fran\u00e7ois rencontre Beno\u00eet XVI dans la r\u00e9sidence de Castel Gandolfo, pr\u00e8s de Rome. Une rencontre in\u00e9dite en 2. 000 ans dhistoire de Mar 23, 2013 Le pape Fran\u00e7ois et son pr\u00e9d\u00e9cesseur Beno\u00eet XVI ont eu un entretien. De Castel Gandolfo au sud de Rome pour une rencontre historique Oct 15, 2010 Dans The Gazette en, journal de Montr\u00e9al, un article retranscrit les d\u00e9clarations faites jeudi 7 octobre par le Pape Benoit XVI <img decoding=\"async\" src=\"https:\/\/cdn-s-www.estrepublicain.fr\/images\/30E0FA65-88B9-4EC6-9E9B-DCE1CF002378\/NW_raw\/le-pape-a-rencontre-l-ancien-president-cubain-fidel-castro-photo-afp-1595226300.jpg\" alt=\"rencontre benoit xvi et pape\" align=\"left\"> Il rendit une visite officielle au palais pr\u00e9sidentiel et assista plus tard dans la journ\u00e9e \u00e0 une rencontre \u0153cum\u00e9nique. Le 26 mai, Benoit XVI c\u00e9l\u00e9bra une <img decoding=\"async\" src=\"https:\/\/www.vaticannews.va\/content\/dam\/vaticannews\/images-multimedia\/papa-ratzinger\/francesco e benedetto.jpg\/_jcr_content\/renditions\/cq5dam.thumbnail.cropped.750.422.jpeg\" alt=\"rencontre benoit xvi et pape\" align=\"left\"> <img decoding=\"async\" src=\"https:\/\/cherry.img.pmdstatic.net\/fit\/https.3A.2F.2Fimg.2Egentside.2Ecom.2Farticle.2Fpape.2Fgrande-bretagne-la-reine-elizabeth-ii-a-rencontre-benoit-xvi_c686d66c27e56315d460db56bf08eb25057ffcfa.2Ejpg\/1200x675\/quality\/80\/grande-bretagne-la-reine-elizabeth-ii-a-rencontre-benoit-xvi.jpg\" alt=\"rencontre benoit xvi et pape\" align=\"left\"> Mar 23, 2013 Le pape Fran\u00e7ois et son pr\u00e9d\u00e9cesseur Beno\u00eet XVI ont discut\u00e9 environ 45 minutes avant de d\u00e9jeuner ensemble avec leur entourage dans la Dec 6, 2021 Michael Ramsey a rencontr\u00e9 le pape Paul VI. Et de Beno\u00eet XVI en Angleterre et les b\u00e9n\u00e9dictions donn\u00e9es ensemble ont jet\u00e9 une Mar 23, 2013 Le pape Fran\u00e7ois et son pr\u00e9d\u00e9cesseur Beno\u00eet XVI se sont retrouv\u00e9s samedi dans la r\u00e9sidence pontificale d\u00e9t\u00e9 de Castel Gandolfo Mar 23, 2013 Car aucun des deux na cherch\u00e9 cette succession: le cardinal Bergoglio \u00e9tait le challenger du cardinal Ratzinger en 2005; sans \u00eatre le favori Mar 25, 2013. Rencontre historique entre le Pape Francois et Benoit XVI, pape \u00e9m\u00e9rite. Cat\u00e9gories: Beno\u00eet XVI Eglises du monde \u00c9tiquettes: \u00c9glise Feb 22, 2014 Le pape \u00e9m\u00e9rite navait encore assist\u00e9 \u00e0 aucune c\u00e9r\u00e9monie papale depuis quil a renonc\u00e9 \u00e0 sa charge en f\u00e9vrier 2013, m\u00eame sil a rencontr\u00e9 Le site de l Ensemble paroissial catholique de Saint C\u00f4me Saint Damien et Saint Romain de Cuire \u00c9glise Catholique Dioc\u00e8se de Lyon Paroisses catholiques de Le pape Fran\u00e7ois a rendu visite, samedi, au pape \u00e9m\u00e9rite Beno\u00eet XVI dans la r\u00e9sidence d\u00e9t\u00e9 de Castel Gandolfo, pr\u00e8s de Rome o\u00f9 s\u00e9journe Toute lactualit\u00e9 sur http: www Bfmtv. Com Le pape Fran\u00e7ois et son pr\u00e9d\u00e9cesseur Beno\u00eet XVI ont eu une Dec 11, 2015. Entre chats Mono mp3-Javras, l\u00e0 do\u00f9 vient le son musique rencontre du troisieme type mp3 rencontre du pape avec benoit xvi 58 MB.<\/p>\n","protected":false},"excerpt":{"rendered":"<p>La r\u00e9daction dIl est vivant a tenu \u00e0 nous partager ce texte tr\u00e8s \u00e9clairant du pape Benoit XVI, extrait de lencyclique Spe salvi. Benoit XVI 16 Mar 23, 2013 Le pape Fran\u00e7ois rencontre Beno\u00eet XVI dans la r\u00e9sidence de Castel Gandolfo, pr\u00e8s de Rome. Une rencontre in\u00e9dite en 2. 000 ans dhistoire de Mar 23, [&hellip;]<\/p>\n","protected":false},"author":1,"featured_media":0,"comment_status":"closed","ping_status":"closed","sticky":false,"template":"","format":"standard","meta":{"footnotes":""},"categories":[],"tags":[],"class_list":["post-9073","post","type-post","status-publish","format-standard","hentry"],"_links":{"self":[{"href":"https:\/\/student.mads.org\/journal\/wp-json\/wp\/v2\/posts\/9073","targetHints":{"allow":["GET"]}}],"collection":[{"href":"https:\/\/student.mads.org\/journal\/wp-json\/wp\/v2\/posts"}],"about":[{"href":"https:\/\/student.mads.org\/journal\/wp-json\/wp\/v2\/types\/post"}],"author":[{"embeddable":true,"href":"https:\/\/student.mads.org\/journal\/wp-json\/wp\/v2\/users\/1"}],"replies":[{"embeddable":true,"href":"https:\/\/student.mads.org\/journal\/wp-json\/wp\/v2\/comments?post=9073"}],"version-history":[{"count":0,"href":"https:\/\/student.mads.org\/journal\/wp-json\/wp\/v2\/posts\/9073\/revisions"}],"wp:attachment":[{"href":"https:\/\/student.mads.org\/journal\/wp-json\/wp\/v2\/media?parent=9073"}],"wp:term":[{"taxonomy":"category","embeddable":true,"href":"https:\/\/student.mads.org\/journal\/wp-json\/wp\/v2\/categories?post=9073"},{"taxonomy":"post_tag","embeddable":true,"href":"https:\/\/student.mads.org\/journal\/wp-json\/wp\/v2\/tags?post=9073"}],"curies":[{"name":"wp","href":"https:\/\/api.w.org\/{rel}","templated":true}]}}