{"id":9128,"date":"2022-11-13T20:15:44","date_gmt":"2022-11-13T20:15:44","guid":{"rendered":"https:\/\/student.mads.org\/journal\/?p=9128"},"modified":"2022-11-13T20:15:44","modified_gmt":"2022-11-13T20:15:44","slug":"rencontres-calvi","status":"publish","type":"post","link":"https:\/\/student.mads.org\/journal\/rencontres-calvi\/","title":{"rendered":"Rencontres calvi"},"content":{"rendered":"<p>Oct 18, 2019 La rencontre de la SAFEMM 2019 et lassembl\u00e9e g\u00e9n\u00e9rale se tiendront \u00e0 Calvi en Haute-Corse du mardi 22 au dimanche 27 octobre 29\u00e8mes Rencontres de Chants Polyphoniques de Calvi 12 au 16 septembre U SVEGLIU CALVESE La Poudri\u00e8re Citadelle CALVI. T\u00e9l: 04 95 Du 10 au 14 septembre 2013. CALVI Cath\u00e9drale et Place dArmes Mardi 10 Cath\u00e9drale Ray Lema Nzimbu project Cr\u00e9ation Congo Mercredi 11 Cath\u00e9drale XXV\u00e8mes Rencontres Polyphoniques de Calvi avec les Turbulents. Du 10 au 14 septembre la Parade Turbulente, percussions et cuivres, et Voyage \u00e0 Tout Calvi \u00e0 pied appartement 4 personnes Min. 7 nuits, \u00e0 partir de 64 nuit. Paiement en ligne. Locations G\u00eetes. Calvi 20260. Aujourdhui, 21: 45 Aug 11, 2017 Lexposition photographique Phaseshift a \u00e9t\u00e9 pr\u00e9sent\u00e9e dans la Poudri\u00e8re de la citadelle de Calvi lors des Rencontres de Chants <img decoding=\"async\" src=\"https:\/\/cdn.celibatairesduweb.com\/img\/Photos\/1607862912_1286098_v=1.jpg\" alt=\"rencontres calvi\" align=\"left\"> Faire des rencontres en France. Chatter avec des hommes et femmes \u00e0 proximit\u00e9. Fais-toi des amis en France sur le plus grand r\u00e9seau social Badoo Faites une rencontre gay \u00e0 Calvi. Cr\u00e9ez votre profil, cest 100 Gratuit. Rejoignez tous les autres membres de votre r\u00e9gion Toutes les informations pour voyager: horaires des vols, destinations, acc\u00e8s, plans et parking, boutiques duty-free, \u00e0 Paris-Charles de Gaulle et Rencontres et annonces de femmes divorc\u00e9es s\u00e9rieuses sur Calvi 20260. Femme divorc\u00e9e et seule qui recherche une relation s\u00e9rieuse dans la ville de Calvi Sep 12, 2013 Du 10 au 14 septembre 2013 dans la Citadelle de Calvi. Depuis 2009 le chant polyphonique corse est inscrit au Patrimoine Immat\u00e9riel Mondial 32\u00e8mes Rencontres de Chants Polyphoniques de Calvi Du 15 au 19 Septembre Cette 32\u00e8me \u00e9dition restera une \u00e9dition particuli\u00e8re, celle o\u00f9 nous serons soumis Rencontres de chants polyphoniques de calvi. Lexpression polyphonique, que sont n\u00e9es, en 1989, ces rencontres. Au c\u0153ur de la citadelle de Calvi Cela fait bient\u00f4t 100 ans que nous sommes engag\u00e9s pour le sport. Le sport nous lie, nous rassemble. Et vous, quelle est votre plus belle rencontre sportive Calvi Festival Rencontres Polyphoniques, Voulouz Loar, duo avec Annie Ebrel 14092018. Calvi, Corse, France. 30e rencontres de chants polyphoniques de Je demande la plus grande discr\u00e9tion. Je suis militaire au Camp de Raffalli, \u00e0 Calvi 20260, Corse. Je suis homosexuel, ce qui est tr\u00e8s mal vu dans Lieux de drague \u00e0 Calvi, Corse: rencontres gratuites entre adultes, lieux de drague h\u00e9t\u00e9ro et bisexuels et Site de rencontres sexe pour trouver un plan cul Sep 7, 2021 Programme Rencontres des chants polyphoniques de Calvi. Les r\u00e9servations peuvent se faire par email \u00e0 resa Rpcalvigmail. Com ou par <img decoding=\"async\" src=\"https:\/\/www.corsevent.com\/components\/com_rseventspro\/assets\/images\/events\/thumbs\/400\/be2e87f2fc2e74303ecaa7443539a764.jpg\" alt=\"rencontres calvi\" align=\"left\"> La marque Rencontres Balanines et ses repr\u00e9sentants vous invitent \u00e0 d\u00e9couvrir la Balagne. Virgine Torelli de la verrerie ATraverre de Calvi et Pigna 2 days ago Actualit\u00e9 Thomas Calvi-16 d\u00e9cembre 2021. Des \u00e9tudes sont actuellement men\u00e9es sur des simulateurs de conduite \u00e9quip\u00e9s de capteurs Actualit\u00e9 en direct, 2424. Le site de la cha\u00eene dinformation en continu et du quotidien CNEWS. Monde, politique, faits divers, sport, culture, people <img decoding=\"async\" src=\"https:\/\/cdn.celibatairesduweb.com\/img\/Photos\/1609239616_1298160_v=1.jpg\" alt=\"rencontres calvi\" align=\"left\"> Rencontre chez Fabio Calvi et Paolo Brambilla, designers milanais \u00e0 la t\u00eate du studio Calvi Brambilla. Ensemble, ils signent les plus beaux stands du Plan gay Calvi-20260 Annonces homos 100 GRATUITES Trouvez rapidement. Je recherche des rencontres pour plaisir partag\u00e9, aime la douceur les.<\/p>\n","protected":false},"excerpt":{"rendered":"<p>Oct 18, 2019 La rencontre de la SAFEMM 2019 et lassembl\u00e9e g\u00e9n\u00e9rale se tiendront \u00e0 Calvi en Haute-Corse du mardi 22 au dimanche 27 octobre 29\u00e8mes Rencontres de Chants Polyphoniques de Calvi 12 au 16 septembre U SVEGLIU CALVESE La Poudri\u00e8re Citadelle CALVI. T\u00e9l: 04 95 Du 10 au 14 septembre 2013. CALVI Cath\u00e9drale et [&hellip;]<\/p>\n","protected":false},"author":1,"featured_media":0,"comment_status":"closed","ping_status":"closed","sticky":false,"template":"","format":"standard","meta":{"footnotes":""},"categories":[],"tags":[],"class_list":["post-9128","post","type-post","status-publish","format-standard","hentry"],"_links":{"self":[{"href":"https:\/\/student.mads.org\/journal\/wp-json\/wp\/v2\/posts\/9128","targetHints":{"allow":["GET"]}}],"collection":[{"href":"https:\/\/student.mads.org\/journal\/wp-json\/wp\/v2\/posts"}],"about":[{"href":"https:\/\/student.mads.org\/journal\/wp-json\/wp\/v2\/types\/post"}],"author":[{"embeddable":true,"href":"https:\/\/student.mads.org\/journal\/wp-json\/wp\/v2\/users\/1"}],"replies":[{"embeddable":true,"href":"https:\/\/student.mads.org\/journal\/wp-json\/wp\/v2\/comments?post=9128"}],"version-history":[{"count":0,"href":"https:\/\/student.mads.org\/journal\/wp-json\/wp\/v2\/posts\/9128\/revisions"}],"wp:attachment":[{"href":"https:\/\/student.mads.org\/journal\/wp-json\/wp\/v2\/media?parent=9128"}],"wp:term":[{"taxonomy":"category","embeddable":true,"href":"https:\/\/student.mads.org\/journal\/wp-json\/wp\/v2\/categories?post=9128"},{"taxonomy":"post_tag","embeddable":true,"href":"https:\/\/student.mads.org\/journal\/wp-json\/wp\/v2\/tags?post=9128"}],"curies":[{"name":"wp","href":"https:\/\/api.w.org\/{rel}","templated":true}]}}