{"id":9238,"date":"2022-11-13T20:25:02","date_gmt":"2022-11-13T20:25:02","guid":{"rendered":"https:\/\/student.mads.org\/journal\/?p=9238"},"modified":"2022-11-13T20:25:02","modified_gmt":"2022-11-13T20:25:02","slug":"rencontre-internationale-des-cerfs-volants-de-berck","status":"publish","type":"post","link":"https:\/\/student.mads.org\/journal\/rencontre-internationale-des-cerfs-volants-de-berck\/","title":{"rendered":"Rencontre internationale des cerfs volants de berck"},"content":{"rendered":"<p>Les rencontres internationales de cerfs-volants de Berck-sur-Mer, qui se d\u00e9roulent habituellement en avril, ne pourront pas avoir lieu pour Les Rencontres Internationales des Cerfs-Volants sont un \u00e9v\u00e8nement majeur et une tradition profond\u00e9ment ancr\u00e9e dans lhistoire de Berck-sur-Mer Oct 17, 2021 Et cest \u00e0 loccasion du Beach-cross que le maire, Bruno Cousein, d\u00e9voile la date des Rencontres internationales de cerfs-volants Berck Sur Mer: 31\u00e8me rencontre internationale des cerfs-volants \u00e0 BERCK SUR MER.-consultez 278 avis de voyageurs, 1 307 photos, les meilleures offres et 31\u00e8me Rencontre internationale de Cerfs-volant de Berck sur Mer du 9 au 17 Avril 2018. Location emplacement et mobile-home pour la semaine ou le week-end Depuis plus de 30 ans, ont lieu chaque ann\u00e9e les Rencontres Internationales de Cerfs-Volants RICV \u00e0 Berck-sur-Mer. Ces RICV qui se tiendront du 6 au 14 Apr 3, 2017 Les 31\u00e8 Rencontres Internationales de Cerfs-volants ont lieu en ce moment \u00e0 Berck-sur-Mer. L\u00e9v\u00e8nement en photos avec Pixopolitan Mar 20, 2018 Berck-sur-Mer accueille les 34e Rencontres Internationales de Cerfs-Volants du 11 au 19 avril 2020. Un spectacle grandiose sur les plages de Apr 14, 2016 Le festival de cerfs-volants de Berck-sur-Mer, dans le Nord de la France. La 30e \u00e9dition des Rencontres internationales de cerfs-volants Les RICV ont commenc\u00e9 gr\u00e2ce \u00e0 linitiative dun groupe de cerfs-volistes belges. Les Rencontres Internationales de Cerfs-Volants de Berck-sur-Mer Oct 19, 2021 Les organisateurs des rencontres internationales de cerf-volant ont annonc\u00e9 leur grand retour. La 34e \u00e9dition aura lieu \u00e0 Berck du 23 avril dizaine de jours, les meilleurs cerf-volistes du monde saffrontent sur la plage de Berck-sur-Mer lors des Rencontres Internationales de Cerfs-Volants Feb 19, 2021 Les organisateurs des rencontres internationales de cerfs-volants de Berck ont annonc\u00e9, ce jeudi 18 f\u00e9vrier 2021, quelles nauront pas lieu Title: Dossier Partenaires Rencontres Internationales de Cerfs-Volants 2019-Berck-sur-Mer, Author: Berck sur Mer Office de Tourisme, Length: 32 pages <img decoding=\"async\" src=\"https:\/\/mysweetescape.fr\/wp-content\/uploads\/2019\/04\/rencontres-internationales-cerfs-volants-berck-7.jpg\" alt=\"rencontre internationale des cerfs volants de berck\" align=\"right\"> Feb 19, 2021 D\u00e9j\u00e0 annul\u00e9es en 2020, les Rencontres Internationales de Cerfs-Volants ne se tiendront pas non plus au printemps \u00e0 Berck-sur-Mer Berck-sur-Mer: 33e Rencontres Internationales de Cerfs-Volants. Par Oph\u00e9lie Duriez R\u00e9dig\u00e9 le 16042019 derni\u00e8re modification le 15042019 <img decoding=\"async\" src=\"https:\/\/cdn-s-www.republicain-lorrain.fr\/images\/9D701370-5A4B-415C-A618-353E6492C270\/NW_raw\/les-rencontres-internationales-de-cerfs-volants-de-berck-sur-mer-sont-l-un-des-rendez-vous-majeurs-de-la-discipline-photo-denis-charlet-afp-1524143059.jpg\" alt=\"rencontre internationale des cerfs volants de berck\" align=\"left\"> Apr 5, 2013 Les familles ont rendez-vous sur la plage de Berck-sur-Mer pour assister \u00e0 la 33e \u00e9dition des Rencontres Internationales de Cerfs-Volants du Apr 17, 2018 Berck-sur-Mer-grande-f\u00eate-plaisir-yeux-rencontre-inernationale-d\u00e9di\u00e9e-cerfs-volants-visuel-rendez-vous-ludique-sportive-discipline-Une coupe du Monde des Nations aux Rencontres Internationales de Cerfs-Volants de Berck-sur-Mer. Pour cette 35e \u00e9dition des RICV la ville de Berck-sur-Mer <img decoding=\"async\" src=\"https:\/\/www.wimereux-tourisme.fr\/wp-content\/uploads\/2022\/03\/Cerf-volants-Berck.jpg\" alt=\"rencontre internationale des cerfs volants de berck\" align=\"center\"> Apr 10, 2019 Les 33es Rencontres internationales de cerfs-volants se sont ouvertes samedi 6 avril \u00e0 Berck-sur-Mer, dans le Pas-de-Calais Oct 23, 2021 P\u00e9riodicit\u00e9; du 23 avril au 01 mai 2022, Berck France, Plage de Berck; en avril 2023., Berck France, Plage de Berck Feb 19, 2021 Berck: les Rencontres Internationales de Cerfs-Volants officiellement annul\u00e9es. La nouvelle a \u00e9t\u00e9 d\u00e9voil\u00e9e hier soir. Les RICV sont belles et.<\/p>\n","protected":false},"excerpt":{"rendered":"<p>Les rencontres internationales de cerfs-volants de Berck-sur-Mer, qui se d\u00e9roulent habituellement en avril, ne pourront pas avoir lieu pour Les Rencontres Internationales des Cerfs-Volants sont un \u00e9v\u00e8nement majeur et une tradition profond\u00e9ment ancr\u00e9e dans lhistoire de Berck-sur-Mer Oct 17, 2021 Et cest \u00e0 loccasion du Beach-cross que le maire, Bruno Cousein, d\u00e9voile la date des [&hellip;]<\/p>\n","protected":false},"author":1,"featured_media":0,"comment_status":"closed","ping_status":"closed","sticky":false,"template":"","format":"standard","meta":{"footnotes":""},"categories":[],"tags":[],"class_list":["post-9238","post","type-post","status-publish","format-standard","hentry"],"_links":{"self":[{"href":"https:\/\/student.mads.org\/journal\/wp-json\/wp\/v2\/posts\/9238","targetHints":{"allow":["GET"]}}],"collection":[{"href":"https:\/\/student.mads.org\/journal\/wp-json\/wp\/v2\/posts"}],"about":[{"href":"https:\/\/student.mads.org\/journal\/wp-json\/wp\/v2\/types\/post"}],"author":[{"embeddable":true,"href":"https:\/\/student.mads.org\/journal\/wp-json\/wp\/v2\/users\/1"}],"replies":[{"embeddable":true,"href":"https:\/\/student.mads.org\/journal\/wp-json\/wp\/v2\/comments?post=9238"}],"version-history":[{"count":0,"href":"https:\/\/student.mads.org\/journal\/wp-json\/wp\/v2\/posts\/9238\/revisions"}],"wp:attachment":[{"href":"https:\/\/student.mads.org\/journal\/wp-json\/wp\/v2\/media?parent=9238"}],"wp:term":[{"taxonomy":"category","embeddable":true,"href":"https:\/\/student.mads.org\/journal\/wp-json\/wp\/v2\/categories?post=9238"},{"taxonomy":"post_tag","embeddable":true,"href":"https:\/\/student.mads.org\/journal\/wp-json\/wp\/v2\/tags?post=9238"}],"curies":[{"name":"wp","href":"https:\/\/api.w.org\/{rel}","templated":true}]}}