{"id":9271,"date":"2022-11-13T20:29:11","date_gmt":"2022-11-13T20:29:11","guid":{"rendered":"https:\/\/student.mads.org\/journal\/?p=9271"},"modified":"2022-11-13T20:29:11","modified_gmt":"2022-11-13T20:29:11","slug":"hollande-rencontre-bayrou","status":"publish","type":"post","link":"https:\/\/student.mads.org\/journal\/hollande-rencontre-bayrou\/","title":{"rendered":"Hollande rencontre bayrou"},"content":{"rendered":"<p>4 days ago Regardez Replay C \u00e0 vous du 14122021: Julien Dor\u00e9 veut \u00eatre un chanteur utile-C \u00e0 vous-14122021. Regardez en replay TV les <img decoding=\"async\" src=\"https:\/\/images.rtl.fr\/~c\/2000v2000\/rtl\/www\/1144987-emmanuel-macron-nicolas-sarkozy-et-valery-giscard-d-estaing-lors-d-une-rencontre-au-conseil-constitutionnel-le-4-octobre-2018.jpg\" alt=\"hollande rencontre bayrou\" align=\"center\"> Le succ\u00e8s dun candidat inconnu du public il y a trois ans ne sexplique pas seulement par la d\u00e9composition du syst\u00e8me politique fran\u00e7ais Feb 10, 2017 LExpress r\u00e9v\u00e8le cette semaine que candidat de la droite et le pr\u00e9sident du MoDem se sont rencontr\u00e9s dans la plus grande discr\u00e9tion Mar 9, 2012 Le candidat du MODEM a renvoy\u00e9 dos \u00e0 dos Fran\u00e7ois Hollande et Nicolas Sarkozy, d\u00e9taill\u00e9 ses mesures \u00e9conomiques et r\u00e9agi au propos du Chef Aug 17, 2016 Plut\u00f4t discret dans les m\u00e9dias depuis plusieurs mois, Fran\u00e7ois Bayrou donne un coup dacc\u00e9l\u00e9rateur \u00e0 sa propre candidature \u00e0 l\u00e9lection May 15, 2018 Bilan dEmmanuel Macron, projet social, politique locale. Fran\u00e7ois Bayrou a accord\u00e9 un entretien dune heure et demie \u00e0 Sud Ouest ce 7 days ago Ce 7 d\u00e9cembre, la princesse Amalia des Pays-Bas a eu 18 ans. Fille a\u00een\u00e9e du roi Willem-Alexander, elle est appel\u00e9e \u00e0 r\u00e9gner un jour sur ce Sep 7, 2012 PARIS-Le pr\u00e9sident du MoDem Fran\u00e7ois Bayrou a rencontr\u00e9 jeudi \u00e0 lh\u00f4tel de Marigny, annexe de lElys\u00e9e, Aquilino Morelle Oct 20, 2011 Invit\u00e9 du Grand Journal sur Canal mercredi, le pr\u00e9sident du MoDem, Fran\u00e7ois Bayrou, a expliqu\u00e9 que si Fran\u00e7ois Hollande portait ses Feb 24, 2017 Trois quarts dheure dentretien, une photo et une d\u00e9claration commune: lentente entre Fran\u00e7ois Bayrou et Emmanuel Macron a \u00e9t\u00e9 scell\u00e9e Oct 6, 2013 Le pr\u00e9sident du MoDem, Fran\u00e7ois Bayrou, a jug\u00e9 dimanche quil ny avait pas eu de clarification de la part du pr\u00e9sident de la R\u00e9publique <img decoding=\"async\" src=\"https:\/\/www.challenges.fr\/assets\/img\/2021\/10\/16\/cover-r4x3w1000-616a783a765e8-1ed11ee3eebbf555664cee6d056dc63315c4acfe-jpg.jpg\" alt=\"hollande rencontre bayrou\" align=\"right\"> Mar 11, 2012 Toujours quatri\u00e8me dans les sondages, le candidat centriste se trouve \u00e0 un moment charni\u00e8re o\u00f9 il doit se relancer pour rester dans la course May 12, 2017 A la veille de la passation de pouvoirs \u00e0 lElys\u00e9e dimanche entre Fran\u00e7ois Hollande et Emmanuel Macron, le clash en Dec 8, 2021 Suivez avec nous lactualit\u00e9 politique et la campagne des candidats en ce mercredi 8 d\u00e9cembre, en vue de l\u00e9lection pr\u00e9sidentielle 2022 Retrouver les meilleurs \u00e9missions t\u00e9l\u00e9 des principales chaines: TF1, France 2345, CANAL, M6, ARTE, C8, CSTAR, TMC, etc May 29, 2019 Avec une fa\u00e7on unique de d\u00e9fricher les tendances, le magazine marie france et mariefrance. Fr sadressent \u00e0 toutes les femmes daujourdhui <img decoding=\"async\" src=\"https:\/\/www.letelegramme.fr\/images\/2011\/09\/13\/1427864_10479503-mhn505-20110913-m141a.jpg\" alt=\"hollande rencontre bayrou\" align=\"right\"> Football: le Gabon saisit la justice pour ouvrir une enqu\u00eate pour agressions sexuelles pr\u00e9sum\u00e9es dun entra\u00eeneur sur des centaines denfants Emmanuel Macron eman\u0265\u025bl mak\u0281\u0254\u0303, n\u00e9 le 21 d\u00e9cembre 1977 \u00e0 Amiens France, est un haut fonctionnaire, banquier daffaires et homme d\u00c9tat fran\u00e7ais 2 days ago Regardez Replay C \u00e0 vous du 15122021: De lart de d\u00e9brancher une candidate-C \u00e0 vous-15122021. Regardez en replay TV les Mar 12, 2017 Il sav\u00e8re par exemple difficile, voire impossible de trouver des diff\u00e9rences politiques entre un ministre PS comme Jean-Marie Le Guen Fernand est de gauche mais ne semble pas adorer Dame Royal. Alors, ce jour-l\u00e0, vendredi 9 f\u00e9vrier, sur le grand march\u00e9 de Mantes La Jolie, Fernand sarr\u00eate Jan 14, 2021 Plus quun bras droit, Marielle de Sarnez \u00e9tait lalter ego de Fran\u00e7ois Bayrou. Grande \u00e9motion dans la classe politique apr\u00e8s la disparition Feb 29, 2012 Blog dAntoine Vielliard sur lactualit\u00e9 politique et locale de Saint Julien en Genevois, de lagglo Franco Valdo Genevoise et du Genevois Oct 19, 2011 Le pr\u00e9sident du MoDem Fran\u00e7ois Bayrou a expliqu\u00e9 mercredi 19 octobre quil pourrait y avoir des points de rencontre entre lui et Fran\u00e7ois Oct 26, 2014 Pas vraiment sur le devant de la sc\u00e8ne politique depuis le d\u00e9but du quinquennat de Fran\u00e7ois Hollande, Fran\u00e7ois Bayrou a eu droit.<\/p>\n","protected":false},"excerpt":{"rendered":"<p>4 days ago Regardez Replay C \u00e0 vous du 14122021: Julien Dor\u00e9 veut \u00eatre un chanteur utile-C \u00e0 vous-14122021. Regardez en replay TV les Le succ\u00e8s dun candidat inconnu du public il y a trois ans ne sexplique pas seulement par la d\u00e9composition du syst\u00e8me politique fran\u00e7ais Feb 10, 2017 LExpress r\u00e9v\u00e8le cette semaine que [&hellip;]<\/p>\n","protected":false},"author":1,"featured_media":0,"comment_status":"closed","ping_status":"closed","sticky":false,"template":"","format":"standard","meta":{"footnotes":""},"categories":[],"tags":[],"class_list":["post-9271","post","type-post","status-publish","format-standard","hentry"],"_links":{"self":[{"href":"https:\/\/student.mads.org\/journal\/wp-json\/wp\/v2\/posts\/9271","targetHints":{"allow":["GET"]}}],"collection":[{"href":"https:\/\/student.mads.org\/journal\/wp-json\/wp\/v2\/posts"}],"about":[{"href":"https:\/\/student.mads.org\/journal\/wp-json\/wp\/v2\/types\/post"}],"author":[{"embeddable":true,"href":"https:\/\/student.mads.org\/journal\/wp-json\/wp\/v2\/users\/1"}],"replies":[{"embeddable":true,"href":"https:\/\/student.mads.org\/journal\/wp-json\/wp\/v2\/comments?post=9271"}],"version-history":[{"count":0,"href":"https:\/\/student.mads.org\/journal\/wp-json\/wp\/v2\/posts\/9271\/revisions"}],"wp:attachment":[{"href":"https:\/\/student.mads.org\/journal\/wp-json\/wp\/v2\/media?parent=9271"}],"wp:term":[{"taxonomy":"category","embeddable":true,"href":"https:\/\/student.mads.org\/journal\/wp-json\/wp\/v2\/categories?post=9271"},{"taxonomy":"post_tag","embeddable":true,"href":"https:\/\/student.mads.org\/journal\/wp-json\/wp\/v2\/tags?post=9271"}],"curies":[{"name":"wp","href":"https:\/\/api.w.org\/{rel}","templated":true}]}}