{"id":9356,"date":"2022-11-13T20:37:43","date_gmt":"2022-11-13T20:37:43","guid":{"rendered":"https:\/\/student.mads.org\/journal\/?p=9356"},"modified":"2022-11-13T20:37:43","modified_gmt":"2022-11-13T20:37:43","slug":"rencontre-eco-responsable","status":"publish","type":"post","link":"https:\/\/student.mads.org\/journal\/rencontre-eco-responsable\/","title":{"rendered":"Rencontre eco responsable"},"content":{"rendered":"<p>Achat \u00e9co-responsable. En profiter. Reprise mobile. Une seconde vie pour votre t\u00e9l\u00e9phone et des \u00e9conomies pour vous. Visuel reprise mobile Jul 2, 2016 Lyc\u00e9e \u00e9co-responsable. Tout le monde a appr\u00e9ci\u00e9 la rencontre avec cet artiste et nous tenons \u00e0 saluer sa disponibilit\u00e9, sa gentillesse <img decoding=\"async\" src=\"https:\/\/zenitudeprofondelemag.com\/wp-content\/uploads\/2021\/12\/COURBET_04-05-2021@pmonetta-9892-copie.jpg\" alt=\"rencontre eco responsable\" align=\"right\"> Apr 5, 2019 Stream Rencontre Avec Laurent Grenier-Grand Raid De Camargue-Labellis\u00e9 Eco Responsable by Radio Syst\u00e8me on desktop and mobile Lundi 3 d\u00e9cembre, deux membres de LUPA ont rencontr\u00e9 deux responsables du CROUS de Jussieu, \u00e0 savoir son directeur Yann Charpentier, sa vice-directrice Feb 16, 2021 Une rencontre APCOM avec des expertes de l\u00e9co-communication, qui int\u00e8grent cette d\u00e9marche \u00e0 tous les aspects de nos m\u00e9tiers <img decoding=\"async\" src=\"https:\/\/cocy.fr\/wp-content\/uploads\/2019\/08\/60352088_652127655232487_3227388376407605248_n.png\" alt=\"rencontre eco responsable\" align=\"center\"> Jan 14, 2021 Pour moi, c\u00e9tait celui doffrir un cadeau \u00e9co-responsable \u00e0 un proche tout en \u00e9tant s\u00fbr de ne pas me tromper. Au d\u00e9but, je ne souhaitais pas Jul 19, 2021 Atelier-Rencontre: Voyager \u00e9co responsable. Samedi 9 octobre 2021 10: 30. Dans le cadre de Voyager autrement. Par Justine Davasse-Les F\u00e9d\u00e9rer les acteurs de l\u00e9co-responsabilit\u00e9 sur les \u00e9v\u00e9nements de la R\u00e9gion Occitanie organisateurs, pouvoirs publics, collectivit\u00e9s Ouvrir un espace d 2 days ago. La ministre de la Mer, a rencontr\u00e9 les professionnels de la. Quil fallait un plan de gestion pour une p\u00eache durable et responsable 2 days ago Des id\u00e9es activables d\u00e8s 2022 pour un num\u00e9rique responsable. Quotidien professionnel des collaborateurs par l\u00e9conomie comportementale Sep 28, 2018 Organis\u00e9e avec Insign, la sixi\u00e8me \u00e9dition des Rencontres Bref Eco de lEntreprise responsable a r\u00e9uni plus de 200 personnes au Village by CA Nov 7, 2019 De 11 h 15 \u00e0 12 h 15, dix entreprises seront r\u00e9compens\u00e9es pour leur engagement \u00e9co-responsable. Cette remise des prix est parrain\u00e9e par Pierre Maintenir le lien parent enfant: les espaces de rencontre. Laide des Caf \u00e0 la gestion dune cr\u00e8che Devenir une cr\u00e8che \u00e9co-responsable Sep 23, 2021 Entrepreneuse parisienne et cr\u00e9atrice du concept store \u00e9co-responsable Asana Colors, lanc\u00e9 en pleine pand\u00e9mie mondiale, Sylvia nous a Partez \u00e0 la rencontre des habitants de Bordeaux et profitez de la douceur de vivre du Sud-Ouest, tout en voyageant de fa\u00e7on \u00e9cologique et durable. Voici D\u00e9couvrez le concept Run Eco Team. Nous sommes partis \u00e0 la rencontre de lassociation ayant lanc\u00e9 la course \u00e9co-responsable: Run Eco Team ACHAT ECO-RESPONSABLE CONSOMMATION DURABLE DECHETS DES ACTIVITES ECONOMIQUES DECHETS DES MENAGES ECOLOGIE INDUSTRIELLE ET TERRITORIALE ECONOMIE CIRCULAIRE Sep 13, 2021 Rencontre avec Julie, dipl\u00f4m\u00e9e de KEDGE et fondatrice de Maison Madame A, une marque de lingerie \u00e9co-responsable et \u00e9thique Ga\u00eblle GUERINEL et Charlotte CHEREL, co-fondatrices de lagence \u00e9v\u00e9nementielle eco-responsable La Belle Ethique. Alors tu es pr\u00eat. E pour une bonne dose Jul 9, 2019 Une d\u00e9marche de proximit\u00e9 eco-responsable. Il sagit de parler, d\u00e9changer autour des initiatives locales. La petite radio associative entend Rencontre \u00e9co-responsable is on Facebook. To connect with Rencontre \u00e9co-responsable, log in or create an account. Cover Photo: Rencontre \u00e9co-responsables Nov 16, 2020 SESSE2020 Retour sur la rencontre entre la Secr\u00e9taire d\u00c9tat \u00e0 lEconomie Sociale Solidaire et Responsable et des \u00e9l\u00e8ves eco-d\u00e9l\u00e9gu\u00e9s <img decoding=\"async\" src=\"http:\/\/www.entreprise-eco-responsable.net\/t2021\/rencontre.bmp\" alt=\"rencontre eco responsable\" align=\"center\"> Impact de la crise Covid-19 sur les rencontres et \u00e9v\u00e9nements. FeelParis; Un nouveau guide pour des escapades insolites et responsables en France Nov 26, 2018 Conscients de ce contexte, ATC GROUPE sest lanc\u00e9 dans une importante d\u00e9marche d\u00e9veloppement durable: nous avons rencontr\u00e9 des \u00e9co.<\/p>\n","protected":false},"excerpt":{"rendered":"<p>Achat \u00e9co-responsable. En profiter. Reprise mobile. Une seconde vie pour votre t\u00e9l\u00e9phone et des \u00e9conomies pour vous. Visuel reprise mobile Jul 2, 2016 Lyc\u00e9e \u00e9co-responsable. Tout le monde a appr\u00e9ci\u00e9 la rencontre avec cet artiste et nous tenons \u00e0 saluer sa disponibilit\u00e9, sa gentillesse Apr 5, 2019 Stream Rencontre Avec Laurent Grenier-Grand Raid De Camargue-Labellis\u00e9 [&hellip;]<\/p>\n","protected":false},"author":1,"featured_media":0,"comment_status":"closed","ping_status":"closed","sticky":false,"template":"","format":"standard","meta":{"footnotes":""},"categories":[],"tags":[],"class_list":["post-9356","post","type-post","status-publish","format-standard","hentry"],"_links":{"self":[{"href":"https:\/\/student.mads.org\/journal\/wp-json\/wp\/v2\/posts\/9356","targetHints":{"allow":["GET"]}}],"collection":[{"href":"https:\/\/student.mads.org\/journal\/wp-json\/wp\/v2\/posts"}],"about":[{"href":"https:\/\/student.mads.org\/journal\/wp-json\/wp\/v2\/types\/post"}],"author":[{"embeddable":true,"href":"https:\/\/student.mads.org\/journal\/wp-json\/wp\/v2\/users\/1"}],"replies":[{"embeddable":true,"href":"https:\/\/student.mads.org\/journal\/wp-json\/wp\/v2\/comments?post=9356"}],"version-history":[{"count":0,"href":"https:\/\/student.mads.org\/journal\/wp-json\/wp\/v2\/posts\/9356\/revisions"}],"wp:attachment":[{"href":"https:\/\/student.mads.org\/journal\/wp-json\/wp\/v2\/media?parent=9356"}],"wp:term":[{"taxonomy":"category","embeddable":true,"href":"https:\/\/student.mads.org\/journal\/wp-json\/wp\/v2\/categories?post=9356"},{"taxonomy":"post_tag","embeddable":true,"href":"https:\/\/student.mads.org\/journal\/wp-json\/wp\/v2\/tags?post=9356"}],"curies":[{"name":"wp","href":"https:\/\/api.w.org\/{rel}","templated":true}]}}