{"id":9473,"date":"2022-11-13T20:52:32","date_gmt":"2022-11-13T20:52:32","guid":{"rendered":"https:\/\/student.mads.org\/journal\/?p=9473"},"modified":"2022-11-13T20:52:32","modified_gmt":"2022-11-13T20:52:32","slug":"rencontre-israelienne","status":"publish","type":"post","link":"https:\/\/student.mads.org\/journal\/rencontre-israelienne\/","title":{"rendered":"Rencontre israelienne"},"content":{"rendered":"<p>2 days ago Abderrahim Bayoud, chef du bureau de liaison du Maroc \u00e0 Tel Aviv a \u00e9t\u00e9 re\u00e7u, mardi 14 d\u00e9cembre 2021, par Ayelet Shaked, ministre isra\u00e9lienne Oct 26, 2011 Le mur s\u00e9parant Isra\u00e9liens et Palestiniens \u00e0 Bethl\u00e9em. Des Envoy\u00e9s du Quatuor sur le Moyen-Orient Etats-Unis, Russie, Union europ\u00e9enne et Jun 6, 2018 Lionel Messi, le capitaine de lAlbiceste, a subi des menaces avant la rencontre D\u00e9velopper. A H\u00e9bron, un panneau d\u00e9nonce l Tout est gratuit CelibatairesDuWeb. Com est le leader dans les rencontres s\u00e9rieuses francophones. Nattendez plus et venez vous inscrire d\u00e8s maintenant pour Site de rencontre gratuit isra\u00ebl. Fais de belles rencontres gratuites dans ce magnifique pays isra\u00ebl, quelles soient amicales ou amoureuses 5 days ago Naftali Bennett: le Premier ministre isra\u00e9lien rencontre le prince h\u00e9ritier des \u00c9mirats arabes unis au palais dAbou Dhabi pour une r\u00e9union <img decoding=\"async\" src=\"https:\/\/static.timesofisrael.com\/fr\/uploads\/2021\/10\/AP21273193108269.jpg\" alt=\"rencontre israelienne\" align=\"left\"> <img decoding=\"async\" src=\"https:\/\/www.humanite.fr\/sites\/default\/files\/images\/87953.HR.jpg\" alt=\"rencontre israelienne\" align=\"center\"> En 2014, la population totale dIsra\u00ebl est denviron huit millions dhabitants essentiellement compos\u00e9s de juifs 75 et darabes isra\u00e9liens 20. Les 5 4 days ago. Ministre dIsra\u00ebl Naftali Bennett sest entretenu lundi avec le prince h\u00e9ritier dAbou Dhabi, cheikh Mohammed ben Zayed, une rencontre Le pape Fran\u00e7ois a invit\u00e9 pour une pri\u00e8re le pr\u00e9sident isra\u00e9lien Shimon Peres et pr\u00e9sident palestinien Mahmoud Abbas Jul 4, 2018 Des soldats isra\u00e9liens ont \u00e9t\u00e9 la cible dune cyber-attaque sur. Des applis de rencontre et de retransmission de la Coupe du monde de 5 days ago Naftali Bennett: Le Premier ministre isra\u00e9lien rencontre le prince h\u00e9ritier des Emirats dans un palais dAbou Dhabi. Il sagit de la premi\u00e8re Nov 3, 2021. Dun million dutilisateurs dAtraf, une application de rencontre et de messagerie tr\u00e8s pris\u00e9e par la communaut\u00e9 LGBT isra\u00e9lienne Apr 7, 2021 Rencontre avec: Thomas Vescovi, professeur dhistoire-g\u00e9ographie dans le secondaire et chercheur ind\u00e9pendant en histoire contemporaine Nov 26, 2021 En 2011, il rencontre Rafi Cohen, propri\u00e9taire du restaurant Rafael et consid\u00e9r\u00e9 comme lun des meilleurs chefs dIsra\u00ebl, qui lui propose de Sep 13, 2012 \u00c0 notre arriv\u00e9e, nous avons rencontr\u00e9 Ronnie, un juif isra\u00e9lien qui se bat rnrnrn. Dans ce premier \u00e9pisode, nous nous sommes envol\u00e9s pour Cherche rencontre. Femme en relation de 63 ans cherche homme pour rencontre s\u00e9rieuse. Rencontre Natanya, Isra\u00ebl, Isra\u00ebl Site de rencontre femme israelienne Entretien. Vocation cr\u00e9er un site de rencontre festival. Match clermont-leinster sera doter dune salle de concert du <img decoding=\"async\" src=\"https:\/\/cdn.unitycms.io\/image\/ocroped\/1200,1200,1000,1000,0,0\/wi4uXOY64Nc\/EY9opf09q1P86h_7caZENS.jpg\" alt=\"rencontre israelienne\" align=\"center\"> 4 days ago Les autorit\u00e9s isra\u00e9liennes ont lib\u00e9r\u00e9 lundi lic\u00f4ne palestinienne Cheikh Raed Salah apr\u00e8s 17 mois de prison, selon son Aug 26, 2021 Il y a un nouveau gouvernement aux \u00c9tats-Unis et un nouveau gouvernement en Isra\u00ebl, et japporte avec moi de J\u00e9rusalem un nouvel esprit de Le Temps quil reste: rencontre avec Elia Suleiman. En 1948, il y a eu la conqu\u00eate isra\u00e9lienne dune bonne partie de la Palestine, expulsant pas mal 5 days ago Les affaires sont au coeur de la rencontre historique lundi entre Naftali. Une source au sein de la d\u00e9l\u00e9gation isra\u00e9lienne \u00e0 Abou Dhabi Apr 12, 2018 Cinq start-up isra\u00e9liennes sont venues \u00e0 Paris le 21 mars afin de pr\u00e9senter leurs offres \u00e0 des compagnies, des mutuelles, des banques ou des Apr 4, 2016 J\u00e9rusalem AFP-Le Premier ministre isra\u00e9lien Benjamin Netanyahu a d\u00e9clar\u00e9 lundi \u00eatre pr\u00eat \u00e0 rencontrer le pr\u00e9sident palestinien Mahmoud.<\/p>\n","protected":false},"excerpt":{"rendered":"<p>2 days ago Abderrahim Bayoud, chef du bureau de liaison du Maroc \u00e0 Tel Aviv a \u00e9t\u00e9 re\u00e7u, mardi 14 d\u00e9cembre 2021, par Ayelet Shaked, ministre isra\u00e9lienne Oct 26, 2011 Le mur s\u00e9parant Isra\u00e9liens et Palestiniens \u00e0 Bethl\u00e9em. Des Envoy\u00e9s du Quatuor sur le Moyen-Orient Etats-Unis, Russie, Union europ\u00e9enne et Jun 6, 2018 Lionel Messi, [&hellip;]<\/p>\n","protected":false},"author":1,"featured_media":0,"comment_status":"closed","ping_status":"closed","sticky":false,"template":"","format":"standard","meta":{"footnotes":""},"categories":[],"tags":[],"class_list":["post-9473","post","type-post","status-publish","format-standard","hentry"],"_links":{"self":[{"href":"https:\/\/student.mads.org\/journal\/wp-json\/wp\/v2\/posts\/9473","targetHints":{"allow":["GET"]}}],"collection":[{"href":"https:\/\/student.mads.org\/journal\/wp-json\/wp\/v2\/posts"}],"about":[{"href":"https:\/\/student.mads.org\/journal\/wp-json\/wp\/v2\/types\/post"}],"author":[{"embeddable":true,"href":"https:\/\/student.mads.org\/journal\/wp-json\/wp\/v2\/users\/1"}],"replies":[{"embeddable":true,"href":"https:\/\/student.mads.org\/journal\/wp-json\/wp\/v2\/comments?post=9473"}],"version-history":[{"count":0,"href":"https:\/\/student.mads.org\/journal\/wp-json\/wp\/v2\/posts\/9473\/revisions"}],"wp:attachment":[{"href":"https:\/\/student.mads.org\/journal\/wp-json\/wp\/v2\/media?parent=9473"}],"wp:term":[{"taxonomy":"category","embeddable":true,"href":"https:\/\/student.mads.org\/journal\/wp-json\/wp\/v2\/categories?post=9473"},{"taxonomy":"post_tag","embeddable":true,"href":"https:\/\/student.mads.org\/journal\/wp-json\/wp\/v2\/tags?post=9473"}],"curies":[{"name":"wp","href":"https:\/\/api.w.org\/{rel}","templated":true}]}}