{"id":9840,"date":"2022-11-13T21:34:51","date_gmt":"2022-11-13T21:34:51","guid":{"rendered":"https:\/\/student.mads.org\/journal\/?p=9840"},"modified":"2022-11-13T21:34:51","modified_gmt":"2022-11-13T21:34:51","slug":"rencontres-lyriques-de-luchon","status":"publish","type":"post","link":"https:\/\/student.mads.org\/journal\/rencontres-lyriques-de-luchon\/","title":{"rendered":"Rencontres lyriques de luchon"},"content":{"rendered":"<p>Les Rencontres lyriques de Luchon sont un festival de musique fran\u00e7ais qui a eu lieu pour la premi\u00e8re fois en 1988. Ce festival a \u00e9t\u00e9 cr\u00e9\u00e9 par Jean-Claude <img decoding=\"async\" src=\"http:\/\/idata.over-blog.com\/2\/84\/88\/85\/evenements\/stage-de-chant-2010-petite.jpg\" alt=\"rencontres lyriques de luchon\" align=\"left\"> Ne laissez pas votre marque noy\u00e9e dans les ab\u00eemes du web. Nous vous propulsons sur la toile: Strat\u00e9gie Digitale, SEO, SEA, UXUI, Webdesign Dev Web Rencontres Lyriques de Luchon. Rencontres Lyriques de Luchon. 6 subscribers Subscribe. Home Videos. Playlists. Channels Jul 30, 2021 Cest pourquoi lassociation des Rencontres Lyriques de Luchon refuse de demander \u00e0 ses b\u00e9n\u00e9voles de r\u00e9aliser une action qui nest pas la Lassociation des Rencontres Lyriques de Luchon a \u00e9t\u00e9 cr\u00e9\u00e9e en 1988. Depuis elle a r\u00e9alis\u00e9 de nombreux concerts et galas avec de nombreux invit\u00e9s Mon s\u00e9jour \u00e0 Luchon na dur\u00e9. Ou des signes convenus, alors que, quand nous sommes s\u00e9par\u00e9s, toute r\u00e9serve dispara\u00eet et nous devenons lyriques Jul 30, 2021 Le festival 2021 des Rencontres Lyriques de Luchon continue. Samedi 7 ao\u00fbt \u00e0 18h, concert de fin de stage de chant lyrique avec les Ne manquez pas la journ\u00e9e publique des cours de chant du stage de chant lyrique le jeudi 5082021 lors du festival des Rencontres Lyriques de Luchon. Festival Musique Classique Danse Lyrique. Place Richelieu 31110 Bagn\u00e8res-de-Luchon. SALLE DE SPECTACLE HENRI PAC. FESTIVAL RENCONTRES LYRIQUES LUCHON <img decoding=\"async\" src=\"https:\/\/www.gralon.net\/mairies-france\/cartes\/plan-association-escolo-bernat-sarrieu-_W312000236.jpg\" alt=\"rencontres lyriques de luchon\" align=\"center\"> Festival dart lyrique. Les Rencontres Lyriques de Luchon. Lassociation: Rencontres Lyriques de Luchon. Publi\u00e9 le 22 Les Rencontres Lyriques de Luchon ont organis\u00e9 de nombreux stages d\u00e9di\u00e9s \u00e0 la formation lyrique des jeunes musiciens et chanteurs en promouvant le renouveau Les Rencontres Lyriques de Luchon commencent leur semaine de festival avec un concert douverture, un R\u00e9cital Jules Massenet avec la soprano fran\u00e7aise Jul 22, 2019 3 ao\u00fbt 2019 Rencontres lyriques de Luchon. CYRANO DANS LA LUNE 10 m\u00e9lodies sur un texte dEdmond Rostand. Cr\u00e9ation mondiale <img decoding=\"async\" src=\"https:\/\/i44.servimg.com\/u\/f44\/11\/08\/80\/99\/profon10.jpg\" alt=\"rencontres lyriques de luchon\" align=\"left\"> Jul 31, 2021 Un festival qui, cette ann\u00e9e, sera r\u00e9solument militant. Le d\u00e9tail avec Sylvia Cazeneuve, soprano lyrique dramatique et directrice artistique des Pour lann\u00e9e 2018, les Rencontres Lyriques de Luchon proposent un \u00e9tonnant festival autour de la Grande-Guerre 19141918 \u00e0 loccasion du centi\u00e8me Les rencontres Lyriques de Luchon, offre la culture comme un cr\u00e9ateur de lien social Sabonner \u00e0 la newsletter Les Rencontres Lyriques de Luchon propose un stage de chant pour chanteurs du 31 juillet au 7 ao\u00fbt. Accompagnement sur piano \u00e0 queue dans salle de spectacle May 12, 2014 Les Rencontres Lyriques de Luchon Festival 2014: du 9 au 16 ao\u00fbt. Lassociation des Rencontres Lyriques de Luchon a \u00e9t\u00e9 cr\u00e9\u00e9e en 1988 Les principales manifestations culturelles \u00e0 Bagn\u00e8res de Luchon: Festival du film de t\u00e9l\u00e9vision de Luchon La F\u00eate des Fleurs Les Rencontres Lyriques de Rencontres Lyriques de Luchon. Du 06 au 13 Aout 2018. Musiques-Lyrics 9 Edition. Divers Lieux Bagn\u00e8res-de-Luchon Occitanie Haute-Garonne 31 Rencontres Lyriques de Luchon. Du 06 au 13 Aout 2016. Musiques-Lyrics 7 Edition. Salle de spectacle Henri Pac, Kiosque \u00e0 Musique Lassociation des Rencontres Lyriques de Luchon a \u00e9t\u00e9 cr\u00e9\u00e9e en Depuis elle a r\u00e9alis\u00e9 de nombreux concerts et galas avec de nombreux invit\u00e9s Les Rencontres Lyriques de Luchon ont organis\u00e9 de nombreux stages d\u00e9di\u00e9s \u00e0 la formation lyrique des jeunes musiciens et chanteurs et promeuvent le renouveau de Aug 10, 2013 Du 10 au 17 ao\u00fbt, la ville de Luchon accueille le 4\u00e8me Festival des rencontres Lyriques. De Luchon, on conna\u00eet ses pistes, son festival t\u00e9l\u00e9 Jul 6, 2020 Rencontres Lyriques De Luchon. Festivals La cr\u00e9ation, fil rouge historique des, est encore une fois \u00e0 lhonneur avec la programmation de deux.<\/p>\n","protected":false},"excerpt":{"rendered":"<p>Les Rencontres lyriques de Luchon sont un festival de musique fran\u00e7ais qui a eu lieu pour la premi\u00e8re fois en 1988. Ce festival a \u00e9t\u00e9 cr\u00e9\u00e9 par Jean-Claude Ne laissez pas votre marque noy\u00e9e dans les ab\u00eemes du web. Nous vous propulsons sur la toile: Strat\u00e9gie Digitale, SEO, SEA, UXUI, Webdesign Dev Web Rencontres Lyriques [&hellip;]<\/p>\n","protected":false},"author":1,"featured_media":0,"comment_status":"closed","ping_status":"closed","sticky":false,"template":"","format":"standard","meta":{"footnotes":""},"categories":[],"tags":[],"class_list":["post-9840","post","type-post","status-publish","format-standard","hentry"],"_links":{"self":[{"href":"https:\/\/student.mads.org\/journal\/wp-json\/wp\/v2\/posts\/9840","targetHints":{"allow":["GET"]}}],"collection":[{"href":"https:\/\/student.mads.org\/journal\/wp-json\/wp\/v2\/posts"}],"about":[{"href":"https:\/\/student.mads.org\/journal\/wp-json\/wp\/v2\/types\/post"}],"author":[{"embeddable":true,"href":"https:\/\/student.mads.org\/journal\/wp-json\/wp\/v2\/users\/1"}],"replies":[{"embeddable":true,"href":"https:\/\/student.mads.org\/journal\/wp-json\/wp\/v2\/comments?post=9840"}],"version-history":[{"count":0,"href":"https:\/\/student.mads.org\/journal\/wp-json\/wp\/v2\/posts\/9840\/revisions"}],"wp:attachment":[{"href":"https:\/\/student.mads.org\/journal\/wp-json\/wp\/v2\/media?parent=9840"}],"wp:term":[{"taxonomy":"category","embeddable":true,"href":"https:\/\/student.mads.org\/journal\/wp-json\/wp\/v2\/categories?post=9840"},{"taxonomy":"post_tag","embeddable":true,"href":"https:\/\/student.mads.org\/journal\/wp-json\/wp\/v2\/tags?post=9840"}],"curies":[{"name":"wp","href":"https:\/\/api.w.org\/{rel}","templated":true}]}}