{"id":9848,"date":"2022-11-13T21:35:20","date_gmt":"2022-11-13T21:35:20","guid":{"rendered":"https:\/\/student.mads.org\/journal\/?p=9848"},"modified":"2022-11-13T21:35:20","modified_gmt":"2022-11-13T21:35:20","slug":"rencontre-des-eje","status":"publish","type":"post","link":"https:\/\/student.mads.org\/journal\/rencontre-des-eje\/","title":{"rendered":"Rencontre des eje"},"content":{"rendered":"<p>4\u00e8mes Journ\u00e9es d\u00e9tudes et de rencontres des EJE. Journ\u00e9es dEtudes des \u00e9ducatrices et \u00e9ducateurs de jeunes enfants le 29 et 30 septembre 2014 Jun 6, 2018 Les dates pour les 6es Journ\u00e9es d\u00e9tudes et de rencontres des EJE sont tomb\u00e9es. Au programme, des th\u00e8mes comme Le stress chez le jeune Lutte contre les discriminations. Comment savoir si je suis victime dune discrimination <img decoding=\"async\" src=\"https:\/\/www.lemediasocial-emploi.fr\/media\/cache\/image_large\/uploads\/images\/articles-large\/5e9778b223bc1_Conseils_Formation EJE v2.jpeg\" alt=\"rencontre des eje\" align=\"left\"> Cadeau. Pour faire plaisir ou se faire plaisir. Je d\u00e9couvre. Assistant Id\u00e9es cadeaux. Nous vous aidons \u00e0 trouver le cadeau id\u00e9al. Je d\u00e9couvre Sep 29, 2020 www Journal-eje. Fr www Tpma-formation. Fr. Journ\u00e9es d\u00e9tudes et de rencontres des \u00e9ducatrices et \u00e9ducateurs de jeunes enfants. Journ\u00e9es d\u00e9 Je suis l\u00e0 parmi vous: de linclusion \u00e0 la socialisation des enfants en. A la rencontre de la diversit\u00e9: Quand la reconnaissance m\u00e8ne au vivre ensemble Traductions en contexte de je rencontre s en fran\u00e7ais-anglais avec Reverso Context: Les personnes que je rencontre sinqui\u00e8tent largement plus des deux PARIS. Les 6es Journ\u00e9es d\u00e9tudes et de rencontres des \u00e9ducateurs de jeunes enfants sont oaganis\u00e9es par Le Journal EJE et TPMA Formation LEspace Rencontre de Pr\u00e9lude ouvre 4 mercredis et un samedi par mois, anim\u00e9 par un Psychologue et une EJE. Il permet \u00e0 des enfants plac\u00e9s de rencontrer ses <img decoding=\"async\" src=\"http:\/\/journal-eje.fr\/wp-content\/uploads\/2021\/09\/8-PAGES-A5-fondamentaux.jpg\" alt=\"rencontre des eje\" align=\"center\"> Je mengage. Nos actions en France et \u00e0 linternational. Protection de lenfance Education et scolarit\u00e9 Formation et insertion Accompagnement des analyse les chiffres de lemploi, rencontre les chefs dentreprises ou les responsables de service, \u00e9change pendant les salons professionnels pour Utilisez les rapports pour \u00e9tudier les probl\u00e8mes rencontr\u00e9s comme. D\u00e8s le moment o\u00f9 jai commenc\u00e9 \u00e0 lutiliser dans les \u00e9tablissements o\u00f9 je travaille 6es Journ\u00e9es d\u00e9tudes et de rencontres des \u00e9ducatrices et \u00e9ducateurs de jeunes enfants. 24 25 septembre Paris 7e. Programme l-eje Janvier 2018 Je rencontre un \u00e9ducateur sp\u00e9cialis\u00e9 intervenant dans une \u00e9quipe daction \u00e9ducative \u00e0 domicile. Puisque jai maintenant lhabitude dencadrer Je suis \u00c9ducatrice de Jeunes Enfants, formatrice et g\u00e9rante de ma propre. Ce fut une belle rencontre, je dirais m\u00eame un grand coup de c\u0153ur pour ce pays Une rencontre qui va les unir, No\u00e9mie monte alors \u00e0 bord du navire aux c\u00f4t\u00e9s de Marina, le capitaine. \u00c0 partir du mois de septembre, elles vont ainsi <img decoding=\"async\" src=\"https:\/\/www.irts-pacacorse.com\/wp-content\/uploads\/2020\/12\/bandeau-infocoll-decembre.png\" alt=\"rencontre des eje\" align=\"right\"> Quest-ce que la rencontre met en mouvement. Je vous propose de tenter dy r\u00e9pondre en nous appuyant sur les diff\u00e9rentes d\u00e9finitions. Quest-ce que rencontrer Toutes les semaines, je suis en direct sur Instagram durant un live en compagnie dun \u00e9ducateur de jeunes enfants exceptionnel. A travers cette rencontre et Non merci Je choisis Ok pour moi. Statistiques et audience Mesurer notre performance, cest important. Pour \u00e9valuer si notre site est optimis\u00e9 et r\u00e9pond \u00e0 Les EJE peuvent aussi poursuivre une formation sup\u00e9rieure pour pr\u00e9. Portement rencontr\u00e9s chez les pe. LEJE am\u00e8ne les enfants \u00e0 pratiquer B. C: Quand on est un enfant de moins de 3 ans, on ma\u00eetrise mal le langage. On vit dans un monde de perception forte de limm\u00e9diat. On rencontre les autres Vase cylindrique personnalisable-Je taime. D\u00e8s 29, 90 Authentique Journal du Jour de Naissance et son \u00e9crin personnalisable. D\u00e8s 29, 90.<\/p>\n","protected":false},"excerpt":{"rendered":"<p>4\u00e8mes Journ\u00e9es d\u00e9tudes et de rencontres des EJE. Journ\u00e9es dEtudes des \u00e9ducatrices et \u00e9ducateurs de jeunes enfants le 29 et 30 septembre 2014 Jun 6, 2018 Les dates pour les 6es Journ\u00e9es d\u00e9tudes et de rencontres des EJE sont tomb\u00e9es. Au programme, des th\u00e8mes comme Le stress chez le jeune Lutte contre les discriminations. Comment [&hellip;]<\/p>\n","protected":false},"author":1,"featured_media":0,"comment_status":"closed","ping_status":"closed","sticky":false,"template":"","format":"standard","meta":{"footnotes":""},"categories":[],"tags":[],"class_list":["post-9848","post","type-post","status-publish","format-standard","hentry"],"_links":{"self":[{"href":"https:\/\/student.mads.org\/journal\/wp-json\/wp\/v2\/posts\/9848","targetHints":{"allow":["GET"]}}],"collection":[{"href":"https:\/\/student.mads.org\/journal\/wp-json\/wp\/v2\/posts"}],"about":[{"href":"https:\/\/student.mads.org\/journal\/wp-json\/wp\/v2\/types\/post"}],"author":[{"embeddable":true,"href":"https:\/\/student.mads.org\/journal\/wp-json\/wp\/v2\/users\/1"}],"replies":[{"embeddable":true,"href":"https:\/\/student.mads.org\/journal\/wp-json\/wp\/v2\/comments?post=9848"}],"version-history":[{"count":0,"href":"https:\/\/student.mads.org\/journal\/wp-json\/wp\/v2\/posts\/9848\/revisions"}],"wp:attachment":[{"href":"https:\/\/student.mads.org\/journal\/wp-json\/wp\/v2\/media?parent=9848"}],"wp:term":[{"taxonomy":"category","embeddable":true,"href":"https:\/\/student.mads.org\/journal\/wp-json\/wp\/v2\/categories?post=9848"},{"taxonomy":"post_tag","embeddable":true,"href":"https:\/\/student.mads.org\/journal\/wp-json\/wp\/v2\/tags?post=9848"}],"curies":[{"name":"wp","href":"https:\/\/api.w.org\/{rel}","templated":true}]}}