{"id":9900,"date":"2022-11-13T21:39:36","date_gmt":"2022-11-13T21:39:36","guid":{"rendered":"https:\/\/student.mads.org\/journal\/?p=9900"},"modified":"2022-11-13T21:39:36","modified_gmt":"2022-11-13T21:39:36","slug":"symbole-de-la-rencontre","status":"publish","type":"post","link":"https:\/\/student.mads.org\/journal\/symbole-de-la-rencontre\/","title":{"rendered":"Symbole de la rencontre"},"content":{"rendered":"<p>Mar 7, 2021 Le pape Fran\u00e7ois a rencontr\u00e9 dimanche soir \u00e0 Erbil, au Kurdistan irakien, le p\u00e8re dAylan Kurdi, le petit gar\u00e7on syrien, mort noy\u00e9 en mer Jan 17, 2019 Elle \u00e9tait prometteuse, elle fut passionnante: la rencontre avec Philippe Collin autour de son livre Le voyage de Marcel Grob a <img decoding=\"async\" src=\"https:\/\/c8.alamy.com\/compfr\/2ah2b0x\/rencontre-avec-le-personnel-du-vecteur-d-icone-illustration-du-symbole-de-contour-isole-2ah2b0x.jpg\" alt=\"symbole de la rencontre\" align=\"left\"> Mar 8, 2021 Le pape Fran\u00e7ois lors de sa rencontre avec Abdullah Kurdi p\u00e8re dAylan Kurdi symbole de la crise des migrants, \u00e0 Erbil le 7 mars 2021 Dec 19, 2019 Cofinanc\u00e9e par la France et le Mali, la 12e \u00e9dition des Rencontres de Bamako, qui se tient jusquau 31 janvier dans la capitale malienne Trisk\u00e8le Le trisk\u00e8le, \u00e9galement orthographi\u00e9 triskell ou triskel en breton ou appel\u00e9 aussi triskelion ou trisc\u00e8le du grec Le symbole se rencontre depuis le Sep 20, 2020 symbole rencontre Et le ch\u00eane et le cypr\u00e8s ne peuvent cro\u00eetre dans leur ombre mutuelle. Distincte, compassionn\u00e9e, bienveillante et T\u00e9l\u00e9charger ce vecteur: Lic\u00f4ne de point de rencontre, le symbole point de rassemblement-JGRNGJ depuis la biblioth\u00e8que dAlamy parmi des millions de Sep 28, 2015 Dans le cadre des cours d\u00e9ducation \u00e0 la citoyennet\u00e9, Virginie Marckert, professeur des CE1CE2 \u00e0 l\u00e9tablissement du Haut Jardinet <img decoding=\"async\" src=\"https:\/\/cdn-europe1.lanmedia.fr\/var\/europe1\/storage\/images\/europe1\/emissions\/le-monde-selon-adler\/le-symbole-d-une-rencontre-175404\/3701788-1-fre-FR\/Le-symbole-d-une-rencontre.jpg\" alt=\"symbole de la rencontre\" align=\"right\"> \ud835\udde2\ud835\uddd9\ud835\uddd9\ud835\udddc\ud835\uddd6\ud835\udddc\ud835\uddd8\ud835\udddf. La rencontre Paris FC-OL ne reprendra pas PFCOL. Image. 9: 53 PM Dec 17, 2021Twitter Web App Cette fa\u00e7on de manquer de respect envers un tel symbole a choqu\u00e9 le Pr\u00e9sident Jacques Chirac, qui assistait \u00e0 la rencontre. En se retirant des tribunes 1 day ago Miles McBride, symbole dun banc de New York qui carbure. Un beau money time quand tu peux plier la rencontre en trois quart-temps Dans tout le bassin m\u00e9diterran\u00e9en, on rencontre des oliviers mill\u00e9naires, et parfois m\u00eame r\u00e9put\u00e9s pluri-mill\u00e9naires. Il est le t\u00e9moin de notre histoire et 6 days ago Cest le sport, cet ami rencontr\u00e9 dans lenfance, qui parviendra \u00e0. Julien a boucl\u00e9 le marathon des Alpes-Maritimes, un symbole de sa Une nouvelle m\u00e9thode pour en finir avec des histoires quon ne veut plus porter \u00e0 travers la rencontre avec son monde mythique et ses symboles Invalibre propose ce marquage au sol ultra r\u00e9sistant et facile \u00e0 poser avec un chalumeau Ici, le symbole zone de rencontre T SIGN Nov 7, 2008 Le maquillage, symbole de la beaut\u00e9. Rencontre avec les derniers primitifs. Des visages amicaux sourient derri\u00e8re les splendides peintures Oct 29, 2020 Couverture de larticle RENCONTRE AVEC UN SYMBOLE. La Bahia de todos Santos que nous navons pas pu vous transmettre nos rencontres Mar 7, 2021 Le pape Fran\u00e7ois a rencontr\u00e9 dimanche soir \u00e0 Erbil, au Kurdistan irakien, le p\u00e8re dAlan Kurdi, le petit gar\u00e7on syrien, mort noy\u00e9 en mer Apr 26, 2018 Karima Boukouna-Zenati est \u00e0 elle seule un v\u00e9ritable symbole de. Rencontre avec C\u00e9cile Tricault, country manager France de Prologis <img decoding=\"async\" src=\"https:\/\/www.crushpixel.com\/big-static20\/preview4\/dating-date-meeting-icon-vector-3849206.jpg\" alt=\"symbole de la rencontre\" align=\"center\">.<\/p>\n","protected":false},"excerpt":{"rendered":"<p>Mar 7, 2021 Le pape Fran\u00e7ois a rencontr\u00e9 dimanche soir \u00e0 Erbil, au Kurdistan irakien, le p\u00e8re dAylan Kurdi, le petit gar\u00e7on syrien, mort noy\u00e9 en mer Jan 17, 2019 Elle \u00e9tait prometteuse, elle fut passionnante: la rencontre avec Philippe Collin autour de son livre Le voyage de Marcel Grob a Mar 8, 2021 Le [&hellip;]<\/p>\n","protected":false},"author":1,"featured_media":0,"comment_status":"closed","ping_status":"closed","sticky":false,"template":"","format":"standard","meta":{"footnotes":""},"categories":[],"tags":[],"class_list":["post-9900","post","type-post","status-publish","format-standard","hentry"],"_links":{"self":[{"href":"https:\/\/student.mads.org\/journal\/wp-json\/wp\/v2\/posts\/9900","targetHints":{"allow":["GET"]}}],"collection":[{"href":"https:\/\/student.mads.org\/journal\/wp-json\/wp\/v2\/posts"}],"about":[{"href":"https:\/\/student.mads.org\/journal\/wp-json\/wp\/v2\/types\/post"}],"author":[{"embeddable":true,"href":"https:\/\/student.mads.org\/journal\/wp-json\/wp\/v2\/users\/1"}],"replies":[{"embeddable":true,"href":"https:\/\/student.mads.org\/journal\/wp-json\/wp\/v2\/comments?post=9900"}],"version-history":[{"count":0,"href":"https:\/\/student.mads.org\/journal\/wp-json\/wp\/v2\/posts\/9900\/revisions"}],"wp:attachment":[{"href":"https:\/\/student.mads.org\/journal\/wp-json\/wp\/v2\/media?parent=9900"}],"wp:term":[{"taxonomy":"category","embeddable":true,"href":"https:\/\/student.mads.org\/journal\/wp-json\/wp\/v2\/categories?post=9900"},{"taxonomy":"post_tag","embeddable":true,"href":"https:\/\/student.mads.org\/journal\/wp-json\/wp\/v2\/tags?post=9900"}],"curies":[{"name":"wp","href":"https:\/\/api.w.org\/{rel}","templated":true}]}}