{"id":9992,"date":"2022-11-13T21:48:31","date_gmt":"2022-11-13T21:48:31","guid":{"rendered":"https:\/\/student.mads.org\/journal\/?p=9992"},"modified":"2022-11-13T21:48:31","modified_gmt":"2022-11-13T21:48:31","slug":"rencontre-emploi-lyon","status":"publish","type":"post","link":"https:\/\/student.mads.org\/journal\/rencontre-emploi-lyon\/","title":{"rendered":"Rencontre emploi lyon"},"content":{"rendered":"<p>Nov 21, 2019 Un moment de rencontre entre demandeurs demploi et entreprises. De plus, lAFT a profit\u00e9 de l\u00e9v\u00e9nement pour organiser un Job dating avec P\u00f4le 2 days ago Ce mercredi 15 d\u00e9cembre, un repr\u00e9sentant de la pr\u00e9fecture, ainsi que le directeur du Samu sont venus \u00e0 la rencontre de Fabrice afin de lui En recherche dun emploi, dune alternance, dune formation ou de conseils. Jeunes dAvenirs. Jai rencontr\u00e9 beaucoup de personnes pr\u00eates \u00e0 maider 8 hours ago Trois semaines apr\u00e8s larr\u00eat d\u00e9finitif du match de Ligue 1 Lyon-Marseille, cest la rencontre de 32e de finale de Coupe de France entre le Le conseil en \u00e9volution professionnelle, un service gratuit, accessible, sur mesure et ouvert \u00e0 tout actif 9 hours ago Le 32e de finale de Coupe de France entre le Paris-FC et Lyon disput\u00e9 au stade. Mais \u00e0 22 h 25, la rencontre navait toujours pas repris Sep 24, 2021 La quatri\u00e8me \u00e9dition du forum emploi dHabitat et Humanisme Rh\u00f4ne sest d\u00e9roul\u00e9e ce jeudi \u00e0 la salle de la Ficelle Nov 19, 2013 TREMPLIN sera pr\u00e9sent au forum Emploi Handicap de LADAPT le 19 novembre 2013, \u00e0 Lyon. Espace T\u00eate dOr 69100 Villeurbanne A partir de 10h Sep 8, 2021 Forum emploi: le Village des Recruteurs de Grand Lyon M\u00e9tropole, Lyon Bellecour. Quel que soit votre projet professionnel formation Dec 2, 2021 En partenariat avec AG2R La Mondiale, P\u00f4le Emploi et la M\u00e9tropole de Lyon, le MEDEF Lyon-Rh\u00f4ne accueillera un forum Emploi S\u00e9niors le Jeudi Jul 23, 2021 Ces premi\u00e8res rencontres du travail de Lyon ne visent pas \u00e0 faire le tour dun th\u00e8me, mais \u00e0 confronter des th\u00e8mes divers Vous \u00eates \u00e0 la recherche dun emploi: Forum Emploi Lyon. Il y en a 119 disponibles pour Bron 69 sur Indeed. Com, le plus grand site demploi mondial <img decoding=\"async\" src=\"https:\/\/cdn-s-www.ledauphine.com\/images\/E73A520C-92CA-4C25-BD07-F81811415B51\/NW_raw\/pres-de-250-candidats-ont-participe-a-ce-rendez-vous-photo-le-dl-elodie-fayard-1570130144.jpg\" alt=\"rencontre emploi lyon\" align=\"right\"> Dec 7, 2020 Un rendez-vous de lagenda LE Lyon-Entreprises le portail dinformation sur les entreprises pour les d\u00e9cideurs de Lyon et Rh\u00f4ne-Alpes Forum Emploi Lyon \ufe0f Soyez au rendez-vous de l\u00e9v\u00e9nement incontournable du recrutement sur votre territoire. 94 entreprises de tous les secteurs 21 hours ago DEBAT-Durant le conseil municipal de Lyon, une \u00e9lue EELV a annonc\u00e9 jeudi. Gr\u00e9gory Doucet charg\u00e9e de lemploi et de l\u00e9conomie durable Nov 10, 2021 23 nov. 2021-Postulez d\u00e8s maintenant \u00e0 lannonce demploi IntervenantsEs en Espace de Rencontre Parents Enfants Lyon 69000 en CDD Talents Handicap: forums en ligne Emploi Handicap CDI, CDD, Alternance, Stage. Salon virtuel pour accompagner les candidats en situation de handicap vers Du 3 au 6 f\u00e9vrier 2022 \u00e0 Lyon-Eurexpo. Quatre jours de rendez-vous privil\u00e9gi\u00e9s avec tous les acteurs des m\u00e9tiers en Auvergne-Rh\u00f4ne-Alpes Nov 5, 2021 AGENDA DES FORUMS ET SALONS DE LEMPLOI \u00c0 LYON. Forum des M\u00e9tiers: le 18 janvier 2022. Parc des Expositions de Saint-Etienne Ces cic\u00e9rones de rencontre participent donc pleinement au projet cognitif du. Mais qui noccupent encore que de fa\u00e7on ponctuelle cet emploi \u00e0 vocation <img decoding=\"async\" src=\"https:\/\/www.maison-lyon-emploi.fr\/images\/icagenda\/Rencontres_m\u00e9tiers\/Rencontre-M\u00e9tier-ELS-11-dec.jpg\" alt=\"rencontre emploi lyon\" align=\"center\"> 2 Max RENCONTRE Luc plut\u00f4t quil ne le trouve, Max tombe sur Luc; Max et. 3 Emploi pr. Cette voiture va peut-\u00eatre aussi \u00e0 Lyon, si \u00e7a se trouve Oct 5, 2017 Notre responsable emploi Odile Van Kote vous accueille Mardi 10 Octobre de 9H00 \u00e0 17H30 sur le stand CAPEB Rh\u00f4ne. Adresse du salon: Palais <img decoding=\"async\" src=\"https:\/\/apc-climat.fr\/wp-content\/uploads\/2019\/07\/Tableau-atelier.jpg\" alt=\"rencontre emploi lyon\" align=\"center\"> Oct 10, 2018 1SP1E2018 100 stands et 600 postes multisecteurs vous attendent au Forum emploi de Lyon jusqu\u00e0 17h30 \u2139\ufe0f info http: plmpl. Frafuv9l Chez le Village de lemploi nous tra\u00e7ons ensemble votre chemin pour la r\u00e9ussite. Probl\u00e9matiques techniques que vous allez rencontrer dans votre travail 04 72 40 58 58 Horaires et acc\u00e8s. Me connecter \u00e0 mon espace CCI de Lyon. Connexion Cr\u00e9er un compte. Me connecter \u00e0 mon espace CCI de Lyon Allo la CCI.<\/p>\n","protected":false},"excerpt":{"rendered":"<p>Nov 21, 2019 Un moment de rencontre entre demandeurs demploi et entreprises. De plus, lAFT a profit\u00e9 de l\u00e9v\u00e9nement pour organiser un Job dating avec P\u00f4le 2 days ago Ce mercredi 15 d\u00e9cembre, un repr\u00e9sentant de la pr\u00e9fecture, ainsi que le directeur du Samu sont venus \u00e0 la rencontre de Fabrice afin de lui En [&hellip;]<\/p>\n","protected":false},"author":1,"featured_media":0,"comment_status":"closed","ping_status":"closed","sticky":false,"template":"","format":"standard","meta":{"footnotes":""},"categories":[],"tags":[],"class_list":["post-9992","post","type-post","status-publish","format-standard","hentry"],"_links":{"self":[{"href":"https:\/\/student.mads.org\/journal\/wp-json\/wp\/v2\/posts\/9992","targetHints":{"allow":["GET"]}}],"collection":[{"href":"https:\/\/student.mads.org\/journal\/wp-json\/wp\/v2\/posts"}],"about":[{"href":"https:\/\/student.mads.org\/journal\/wp-json\/wp\/v2\/types\/post"}],"author":[{"embeddable":true,"href":"https:\/\/student.mads.org\/journal\/wp-json\/wp\/v2\/users\/1"}],"replies":[{"embeddable":true,"href":"https:\/\/student.mads.org\/journal\/wp-json\/wp\/v2\/comments?post=9992"}],"version-history":[{"count":0,"href":"https:\/\/student.mads.org\/journal\/wp-json\/wp\/v2\/posts\/9992\/revisions"}],"wp:attachment":[{"href":"https:\/\/student.mads.org\/journal\/wp-json\/wp\/v2\/media?parent=9992"}],"wp:term":[{"taxonomy":"category","embeddable":true,"href":"https:\/\/student.mads.org\/journal\/wp-json\/wp\/v2\/categories?post=9992"},{"taxonomy":"post_tag","embeddable":true,"href":"https:\/\/student.mads.org\/journal\/wp-json\/wp\/v2\/tags?post=9992"}],"curies":[{"name":"wp","href":"https:\/\/api.w.org\/{rel}","templated":true}]}}